{"id":1056,"date":"2019-03-06T10:53:10","date_gmt":"2019-03-06T08:53:10","guid":{"rendered":"https:\/\/kanzlei-bernstorff.de\/?p=1056"},"modified":"2025-12-02T17:50:46","modified_gmt":"2025-12-02T19:50:46","slug":"verschaerfung-der-mietpreisbremse-und-aenderungen-bei-der-weiterbelastung-von-modernisierungskosten-zum-1-januar-2019","status":"publish","type":"post","link":"https:\/\/kanzlei-bernstorff.de\/en\/verschaerfung-der-mietpreisbremse-und-aenderungen-bei-der-weiterbelastung-von-modernisierungskosten-zum-1-januar-2019\/","title":{"rendered":"Versch\u00e4rfung der Mietpreisbremse und \u00c4nderungen bei der Weiterbelastung von Modernisierungskosten zum 1. Januar 2019"},"content":{"rendered":"<p>Der Gesetzgeber hat zum 1. Januar 2019 nachfolgende erhebliche \u00c4nderungen mit Blick auf die sogenannte Mietpreisbremse und die Vorschriften hinsichtlich der Modernisierung insbesondere von Wohnraum beschlossen.<\/p>\n\n\n\n<p>Um der <em>Mietpreisbremse<\/em> mehr Wirksamkeit zu verleihen, wurde das Auskunftsrecht des Mieters um eine Auskunftspflicht des Vermieters erweitert. Bisher war der Vermieter nur auf Verlangen des Mieters verpflichtet, Auskunft \u00fcber diejenigen Tatsachen zu erteilen, die f\u00fcr die Zul\u00e4ssigkeit der vereinbarten Miete ma\u00dfgeblich waren, soweit diese nicht allgemein zug\u00e4nglich waren und der Vermieter hier\u00fcber unschwer Auskunft geben konnte. Nunmehr ist der Vermieter verpflichtet, vor Abschluss des Mietvertrages von sich aus die Gr\u00fcnde darzulegen, die die von ihm verlangte h\u00f6here als gesetzlich zul\u00e4ssige Miete (das ist die orts\u00fcbliche Vergleichsmiete zzgl. 10 %) rechtfertigen. In diesem Fall muss er z.B. die h\u00f6here Vormiete angeben. Bei der Berufung auf durchgef\u00fchrte Modernisierungsma\u00dfnahmen muss der Vermieter auch hier\u00fcber informieren und Auskunft \u00fcber Umstand und Zeitpunkt erteilen. Bei einer erstmaligen Vermietung nach einer umfassenden Modernisierung muss der Vermieter auch hier\u00fcber Auskunft erteilen.<\/p>\n\n\n\n<p>Detaillierte Informationen sind dabei nicht geschuldet. Der Mieter hat allerdings das Recht, weitere Einzelheiten und Nachweise zu erfragen. Auch bei einer erstmaligen Nutzung des Mietobjekts nach dem 1. Oktober 2014 muss der Vermieter den Mieter nunmehr vor Mietvertragsschluss \u00fcber diesen Umstand aufkl\u00e4ren. Hat der Vermieter die Auskunft nicht erteilt, kann er sich nicht auf eine h\u00f6here als die nach dem Gesetz zul\u00e4ssige Miete berufen, wobei es hier allerdings Heilungsm\u00f6glichkeiten gibt.<\/p>\n\n\n\n<p>Betreffend <em>Modernisierungsma\u00dfnahmen<\/em> galt bisher, dass der Vermieter nach Durchf\u00fchrung von Modernisierungsma\u00dfnahmen die Miete erh\u00f6hen durfte, dies dabei unter Umlegung von 11 % der Baukosten auf die Mieter. Nunmehr k\u00f6nnen lediglich nur noch 8 % der Baukosten umgelegt werden. Dar\u00fcber hinaus wurde noch eine Kappungsgrenze eingef\u00fchrt, also eine betragsm\u00e4\u00dfige Beschr\u00e4nkung der Modernisierungsumlage. Danach darf sich die Miete durch Modernisierungsma\u00dfnahmen innerhalb von sechs Jahren nicht um mehr als 3,00 Euro pro Quadratmeter Wohnfl\u00e4che erh\u00f6hen. Betr\u00e4gt die monatliche Miete vor der Modernisierungsmieterh\u00f6hung weniger als 7,00 Euro pro Quadratmeter, darf sie sich sogar nicht um mehr als 2,00 Euro pro Quadratmeter erh\u00f6hen.<\/p>\n\n\n\n<p>Durch die Gesetzes\u00e4nderung wurden zudem gesetzliche Pflichtverletzungen (des Vermieters) definiert, deren Verletzung Schadensersatzspr\u00fcche des Mieters begr\u00fcnden k\u00f6nnen. So soll eine Pflichtverletzung des Vermieters vorliegen, wenn<\/p>\n\n\n\n<ul class=\"wp-block-list\">\n<li>mit der Modernisierung nicht innerhalb von zw\u00f6lf Monaten nach deren angek\u00fcndigten Beginn begonnen wurde,<\/li>\n\n\n\n<li>in der Modernisierungsank\u00fcndigung ein Betrag f\u00fcr die zu erwartende Mieterh\u00f6hung angegeben wird, durch den sich die monatliche Miete mindestens verdoppelt,<\/li>\n\n\n\n<li>die baulichen Ver\u00e4nderungen in einer Weise durchgef\u00fchrt werden, die geeignet ist, zu erheblichen, objektiv nicht notwendigen Belastungen des Mieters zu f\u00fchren, oder<\/li>\n\n\n\n<li>die Arbeiten nach Beginn der baulichen Ver\u00e4nderungen mehr als zw\u00f6lf Monate ruhen.<\/li>\n<\/ul>\n\n\n\n<p>Der Vermieter kann sich hierbei im Einzelfall allerdings exkulpieren.<\/p>\n\n\n\n<p>S\u00e4mtliche Regelungen des Wohnraummietrechts sollen zuk\u00fcnftig auch <em>Anwendung auf gewerbliche Mietvertr\u00e4ge<\/em> des Vermieters mit juristischen Personen des \u00f6ffentlichen Rechts o.\u00e4. finden, wenn der Mieter wiederum die <em>Vermietung an Personen mit dringendem Wohnbedarf<\/em> beabsichtigt; dieser Wille des Mieters muss dabei bereits bei Vertragsschluss zum Ausdruck kommen. Auf diese Mietverh\u00e4ltnisse sollen die Vorschriften des Wohnraummietrechts zur Mieterh\u00f6hung, zur Befristung, zum Vorkaufsrecht, zum K\u00fcndigungsschutz und zur K\u00fcndigungsbeschr\u00e4nkung bei Wohnungsumwandlung anwendbar sein. Dies gilt allerdings nicht f\u00fcr bestehende Mietverh\u00e4ltnisse, sondern nur f\u00fcr solche, die ab dem 1. Januar 2019 geschlossen werden.<\/p>\n\n\n\n<p>\u00c4nderungen erfolgen auch im <em>Wirtschaftsstrafgesetz<\/em>. Danach handelt nunmehr auch ordnungswidrig, wer in der Absicht, einen Mieter von Wohnraum zur K\u00fcndigung oder zur Mitwirkung an der Aufhebung des Mietverh\u00e4ltnisses zu veranlassen, eine bauliche Ver\u00e4nderung in einer Weise durchf\u00fchrt, die geeignet ist, zu erheblichen, objektiv nicht notwendigen Belastungen des Mieters zu f\u00fchren. Hier droht ein Ordnungsgeld in H\u00f6he von bis zu 100.000,00 \u20ac.<\/p>\n\n\n\n<p>Ob mit den gesetzlichen \u00c4nderungen das politische Ziel einer Mietpreisbegrenzung erreichbar ist, bleibt abzuwarten; gleiche Zweifel gelten auch f\u00fcr die Anforderungen an die Vermieter, durch Modernisierungsma\u00dfnahmen u.a. zur Energieeinsparung beizutragen. Dass jedenfalls die neuen Regelungen Investitionen insbesondere privater Vermieter nicht unbedingt f\u00f6rdern, d\u00fcrfte auf der Hand liegen. (<em>SB)<\/em><\/p>","protected":false},"excerpt":{"rendered":"<p>Der Gesetzgeber hat zum 1. Januar 2019 nachfolgende erhebliche \u00c4nderungen mit Blick auf die sogenannte Mietpreisbremse und die Vorschriften hinsichtlich der Modernisierung insbesondere von Wohnraum beschlossen. Um der Mietpreisbremse mehr Wirksamkeit zu verleihen, wurde das Auskunftsrecht des Mieters um eine Auskunftspflicht des Vermieters erweitert. Bisher war der Vermieter nur auf Verlangen des Mieters verpflichtet, Auskunft&hellip;<\/p>","protected":false},"author":1,"featured_media":0,"comment_status":"open","ping_status":"open","sticky":false,"template":"","format":"standard","meta":{"footnotes":""},"categories":[3],"tags":[],"post_series":[],"class_list":["post-1056","post","type-post","status-publish","format-standard","hentry","category-mietrecht","entry","no-media"],"yoast_head":"<!-- This site is optimized with the Yoast SEO plugin v27.5 - https:\/\/yoast.com\/product\/yoast-seo-wordpress\/ -->\n<title>Versch\u00e4rfung der Mietpreisbremse und \u00c4nderungen bei der Weiterbelastung von Modernisierungskosten zum 1. Januar 2019 - Bernstorff - Rechtsanw\u00e4lte Partnerschaftsgesellschaft mbB<\/title>\n<meta name=\"robots\" content=\"index, follow, max-snippet:-1, max-image-preview:large, max-video-preview:-1\" \/>\n<link rel=\"canonical\" href=\"https:\/\/kanzlei-bernstorff.de\/en\/verschaerfung-der-mietpreisbremse-und-aenderungen-bei-der-weiterbelastung-von-modernisierungskosten-zum-1-januar-2019\/\" \/>\n<meta property=\"og:locale\" content=\"en_US\" \/>\n<meta property=\"og:type\" content=\"article\" \/>\n<meta property=\"og:title\" content=\"Versch\u00e4rfung der Mietpreisbremse und \u00c4nderungen bei der Weiterbelastung von Modernisierungskosten zum 1. Januar 2019 - Bernstorff - Rechtsanw\u00e4lte Partnerschaftsgesellschaft mbB\" \/>\n<meta property=\"og:description\" content=\"Der Gesetzgeber hat zum 1. Januar 2019 nachfolgende erhebliche \u00c4nderungen mit Blick auf die sogenannte Mietpreisbremse und die Vorschriften hinsichtlich der Modernisierung insbesondere von Wohnraum beschlossen. Um der Mietpreisbremse mehr Wirksamkeit zu verleihen, wurde das Auskunftsrecht des Mieters um eine Auskunftspflicht des Vermieters erweitert. Bisher war der Vermieter nur auf Verlangen des Mieters verpflichtet, Auskunft&hellip;\" \/>\n<meta property=\"og:url\" content=\"https:\/\/kanzlei-bernstorff.de\/en\/verschaerfung-der-mietpreisbremse-und-aenderungen-bei-der-weiterbelastung-von-modernisierungskosten-zum-1-januar-2019\/\" \/>\n<meta property=\"og:site_name\" content=\"Bernstorff - Rechtsanw\u00e4lte Partnerschaftsgesellschaft mbB\" \/>\n<meta property=\"article:published_time\" content=\"2019-03-06T08:53:10+00:00\" \/>\n<meta property=\"article:modified_time\" content=\"2025-12-02T19:50:46+00:00\" \/>\n<meta name=\"author\" content=\"ccodelaxadmin\" \/>\n<meta name=\"twitter:card\" content=\"summary_large_image\" \/>\n<meta name=\"twitter:label1\" content=\"Written by\" \/>\n\t<meta name=\"twitter:data1\" content=\"ccodelaxadmin\" \/>\n\t<meta name=\"twitter:label2\" content=\"Est. reading time\" \/>\n\t<meta name=\"twitter:data2\" content=\"3 minutes\" \/>\n<script type=\"application\/ld+json\" class=\"yoast-schema-graph\">{\"@context\":\"https:\\\/\\\/schema.org\",\"@graph\":[{\"@type\":\"Article\",\"@id\":\"https:\\\/\\\/kanzlei-bernstorff.de\\\/verschaerfung-der-mietpreisbremse-und-aenderungen-bei-der-weiterbelastung-von-modernisierungskosten-zum-1-januar-2019\\\/#article\",\"isPartOf\":{\"@id\":\"https:\\\/\\\/kanzlei-bernstorff.de\\\/verschaerfung-der-mietpreisbremse-und-aenderungen-bei-der-weiterbelastung-von-modernisierungskosten-zum-1-januar-2019\\\/\"},\"author\":{\"name\":\"ccodelaxadmin\",\"@id\":\"https:\\\/\\\/kanzlei-bernstorff.de\\\/#\\\/schema\\\/person\\\/fa32628e3102b2bda6a3ea2cbf9a41b3\"},\"headline\":\"Versch\u00e4rfung der Mietpreisbremse und \u00c4nderungen bei der Weiterbelastung von Modernisierungskosten zum 1. Januar 2019\",\"datePublished\":\"2019-03-06T08:53:10+00:00\",\"dateModified\":\"2025-12-02T19:50:46+00:00\",\"mainEntityOfPage\":{\"@id\":\"https:\\\/\\\/kanzlei-bernstorff.de\\\/verschaerfung-der-mietpreisbremse-und-aenderungen-bei-der-weiterbelastung-von-modernisierungskosten-zum-1-januar-2019\\\/\"},\"wordCount\":693,\"commentCount\":0,\"publisher\":{\"@id\":\"https:\\\/\\\/kanzlei-bernstorff.de\\\/#organization\"},\"articleSection\":[\"Mietrecht\"],\"inLanguage\":\"en-US\",\"potentialAction\":[{\"@type\":\"CommentAction\",\"name\":\"Comment\",\"target\":[\"https:\\\/\\\/kanzlei-bernstorff.de\\\/verschaerfung-der-mietpreisbremse-und-aenderungen-bei-der-weiterbelastung-von-modernisierungskosten-zum-1-januar-2019\\\/#respond\"]}]},{\"@type\":\"WebPage\",\"@id\":\"https:\\\/\\\/kanzlei-bernstorff.de\\\/verschaerfung-der-mietpreisbremse-und-aenderungen-bei-der-weiterbelastung-von-modernisierungskosten-zum-1-januar-2019\\\/\",\"url\":\"https:\\\/\\\/kanzlei-bernstorff.de\\\/verschaerfung-der-mietpreisbremse-und-aenderungen-bei-der-weiterbelastung-von-modernisierungskosten-zum-1-januar-2019\\\/\",\"name\":\"Versch\u00e4rfung der Mietpreisbremse und \u00c4nderungen bei der Weiterbelastung von Modernisierungskosten zum 1. Januar 2019 - Bernstorff - Rechtsanw\u00e4lte Partnerschaftsgesellschaft mbB\",\"isPartOf\":{\"@id\":\"https:\\\/\\\/kanzlei-bernstorff.de\\\/#website\"},\"datePublished\":\"2019-03-06T08:53:10+00:00\",\"dateModified\":\"2025-12-02T19:50:46+00:00\",\"breadcrumb\":{\"@id\":\"https:\\\/\\\/kanzlei-bernstorff.de\\\/verschaerfung-der-mietpreisbremse-und-aenderungen-bei-der-weiterbelastung-von-modernisierungskosten-zum-1-januar-2019\\\/#breadcrumb\"},\"inLanguage\":\"en-US\",\"potentialAction\":[{\"@type\":\"ReadAction\",\"target\":[\"https:\\\/\\\/kanzlei-bernstorff.de\\\/verschaerfung-der-mietpreisbremse-und-aenderungen-bei-der-weiterbelastung-von-modernisierungskosten-zum-1-januar-2019\\\/\"]}]},{\"@type\":\"BreadcrumbList\",\"@id\":\"https:\\\/\\\/kanzlei-bernstorff.de\\\/verschaerfung-der-mietpreisbremse-und-aenderungen-bei-der-weiterbelastung-von-modernisierungskosten-zum-1-januar-2019\\\/#breadcrumb\",\"itemListElement\":[{\"@type\":\"ListItem\",\"position\":1,\"name\":\"Home\",\"item\":\"https:\\\/\\\/kanzlei-bernstorff.de\\\/\"},{\"@type\":\"ListItem\",\"position\":2,\"name\":\"Versch\u00e4rfung der Mietpreisbremse und \u00c4nderungen bei der Weiterbelastung von Modernisierungskosten zum 1. Januar 2019\"}]},{\"@type\":\"WebSite\",\"@id\":\"https:\\\/\\\/kanzlei-bernstorff.de\\\/#website\",\"url\":\"https:\\\/\\\/kanzlei-bernstorff.de\\\/\",\"name\":\"Bernstorff - Rechtsanw\u00e4lte Partnerschaftsgesellschaft mbB\",\"description\":\"Rechtsanw\u00e4lte Partnerschaftsgesellschaft mbB\",\"publisher\":{\"@id\":\"https:\\\/\\\/kanzlei-bernstorff.de\\\/#organization\"},\"potentialAction\":[{\"@type\":\"SearchAction\",\"target\":{\"@type\":\"EntryPoint\",\"urlTemplate\":\"https:\\\/\\\/kanzlei-bernstorff.de\\\/?s={search_term_string}\"},\"query-input\":{\"@type\":\"PropertyValueSpecification\",\"valueRequired\":true,\"valueName\":\"search_term_string\"}}],\"inLanguage\":\"en-US\"},{\"@type\":\"Organization\",\"@id\":\"https:\\\/\\\/kanzlei-bernstorff.de\\\/#organization\",\"name\":\"Bernstorff - Rechtsanw\u00e4lte Partnerschaftsgesellschaft mbB\",\"url\":\"https:\\\/\\\/kanzlei-bernstorff.de\\\/\",\"logo\":{\"@type\":\"ImageObject\",\"inLanguage\":\"en-US\",\"@id\":\"https:\\\/\\\/kanzlei-bernstorff.de\\\/#\\\/schema\\\/logo\\\/image\\\/\",\"url\":\"https:\\\/\\\/kanzlei-bernstorff.de\\\/wp-content\\\/uploads\\\/2025\\\/12\\\/kanzlei-bernstorff-group-x.png\",\"contentUrl\":\"https:\\\/\\\/kanzlei-bernstorff.de\\\/wp-content\\\/uploads\\\/2025\\\/12\\\/kanzlei-bernstorff-group-x.png\",\"width\":1360,\"height\":680,\"caption\":\"Bernstorff - Rechtsanw\u00e4lte Partnerschaftsgesellschaft mbB\"},\"image\":{\"@id\":\"https:\\\/\\\/kanzlei-bernstorff.de\\\/#\\\/schema\\\/logo\\\/image\\\/\"}},{\"@type\":\"Person\",\"@id\":\"https:\\\/\\\/kanzlei-bernstorff.de\\\/#\\\/schema\\\/person\\\/fa32628e3102b2bda6a3ea2cbf9a41b3\",\"name\":\"ccodelaxadmin\",\"sameAs\":[\"https:\\\/\\\/kanzlei-bernstorff.de\"],\"url\":\"https:\\\/\\\/kanzlei-bernstorff.de\\\/en\\\/author\\\/ccodelaxadmin\\\/\"}]}<\/script>\n<!-- \/ Yoast SEO plugin. -->","yoast_head_json":{"title":"Versch\u00e4rfung der Mietpreisbremse und \u00c4nderungen bei der Weiterbelastung von Modernisierungskosten zum 1. Januar 2019 - Bernstorff - Rechtsanw\u00e4lte Partnerschaftsgesellschaft mbB","robots":{"index":"index","follow":"follow","max-snippet":"max-snippet:-1","max-image-preview":"max-image-preview:large","max-video-preview":"max-video-preview:-1"},"canonical":"https:\/\/kanzlei-bernstorff.de\/en\/verschaerfung-der-mietpreisbremse-und-aenderungen-bei-der-weiterbelastung-von-modernisierungskosten-zum-1-januar-2019\/","og_locale":"en_US","og_type":"article","og_title":"Versch\u00e4rfung der Mietpreisbremse und \u00c4nderungen bei der Weiterbelastung von Modernisierungskosten zum 1. Januar 2019 - Bernstorff - Rechtsanw\u00e4lte Partnerschaftsgesellschaft mbB","og_description":"Der Gesetzgeber hat zum 1. Januar 2019 nachfolgende erhebliche \u00c4nderungen mit Blick auf die sogenannte Mietpreisbremse und die Vorschriften hinsichtlich der Modernisierung insbesondere von Wohnraum beschlossen. Um der Mietpreisbremse mehr Wirksamkeit zu verleihen, wurde das Auskunftsrecht des Mieters um eine Auskunftspflicht des Vermieters erweitert. Bisher war der Vermieter nur auf Verlangen des Mieters verpflichtet, Auskunft&hellip;","og_url":"https:\/\/kanzlei-bernstorff.de\/en\/verschaerfung-der-mietpreisbremse-und-aenderungen-bei-der-weiterbelastung-von-modernisierungskosten-zum-1-januar-2019\/","og_site_name":"Bernstorff - Rechtsanw\u00e4lte Partnerschaftsgesellschaft mbB","article_published_time":"2019-03-06T08:53:10+00:00","article_modified_time":"2025-12-02T19:50:46+00:00","author":"ccodelaxadmin","twitter_card":"summary_large_image","twitter_misc":{"Written by":"ccodelaxadmin","Est. reading time":"3 minutes"},"schema":{"@context":"https:\/\/schema.org","@graph":[{"@type":"Article","@id":"https:\/\/kanzlei-bernstorff.de\/verschaerfung-der-mietpreisbremse-und-aenderungen-bei-der-weiterbelastung-von-modernisierungskosten-zum-1-januar-2019\/#article","isPartOf":{"@id":"https:\/\/kanzlei-bernstorff.de\/verschaerfung-der-mietpreisbremse-und-aenderungen-bei-der-weiterbelastung-von-modernisierungskosten-zum-1-januar-2019\/"},"author":{"name":"ccodelaxadmin","@id":"https:\/\/kanzlei-bernstorff.de\/#\/schema\/person\/fa32628e3102b2bda6a3ea2cbf9a41b3"},"headline":"Versch\u00e4rfung der Mietpreisbremse und \u00c4nderungen bei der Weiterbelastung von Modernisierungskosten zum 1. Januar 2019","datePublished":"2019-03-06T08:53:10+00:00","dateModified":"2025-12-02T19:50:46+00:00","mainEntityOfPage":{"@id":"https:\/\/kanzlei-bernstorff.de\/verschaerfung-der-mietpreisbremse-und-aenderungen-bei-der-weiterbelastung-von-modernisierungskosten-zum-1-januar-2019\/"},"wordCount":693,"commentCount":0,"publisher":{"@id":"https:\/\/kanzlei-bernstorff.de\/#organization"},"articleSection":["Mietrecht"],"inLanguage":"en-US","potentialAction":[{"@type":"CommentAction","name":"Comment","target":["https:\/\/kanzlei-bernstorff.de\/verschaerfung-der-mietpreisbremse-und-aenderungen-bei-der-weiterbelastung-von-modernisierungskosten-zum-1-januar-2019\/#respond"]}]},{"@type":"WebPage","@id":"https:\/\/kanzlei-bernstorff.de\/verschaerfung-der-mietpreisbremse-und-aenderungen-bei-der-weiterbelastung-von-modernisierungskosten-zum-1-januar-2019\/","url":"https:\/\/kanzlei-bernstorff.de\/verschaerfung-der-mietpreisbremse-und-aenderungen-bei-der-weiterbelastung-von-modernisierungskosten-zum-1-januar-2019\/","name":"Versch\u00e4rfung der Mietpreisbremse und \u00c4nderungen bei der Weiterbelastung von Modernisierungskosten zum 1. Januar 2019 - Bernstorff - Rechtsanw\u00e4lte Partnerschaftsgesellschaft mbB","isPartOf":{"@id":"https:\/\/kanzlei-bernstorff.de\/#website"},"datePublished":"2019-03-06T08:53:10+00:00","dateModified":"2025-12-02T19:50:46+00:00","breadcrumb":{"@id":"https:\/\/kanzlei-bernstorff.de\/verschaerfung-der-mietpreisbremse-und-aenderungen-bei-der-weiterbelastung-von-modernisierungskosten-zum-1-januar-2019\/#breadcrumb"},"inLanguage":"en-US","potentialAction":[{"@type":"ReadAction","target":["https:\/\/kanzlei-bernstorff.de\/verschaerfung-der-mietpreisbremse-und-aenderungen-bei-der-weiterbelastung-von-modernisierungskosten-zum-1-januar-2019\/"]}]},{"@type":"BreadcrumbList","@id":"https:\/\/kanzlei-bernstorff.de\/verschaerfung-der-mietpreisbremse-und-aenderungen-bei-der-weiterbelastung-von-modernisierungskosten-zum-1-januar-2019\/#breadcrumb","itemListElement":[{"@type":"ListItem","position":1,"name":"Home","item":"https:\/\/kanzlei-bernstorff.de\/"},{"@type":"ListItem","position":2,"name":"Versch\u00e4rfung der Mietpreisbremse und \u00c4nderungen bei der Weiterbelastung von Modernisierungskosten zum 1. Januar 2019"}]},{"@type":"WebSite","@id":"https:\/\/kanzlei-bernstorff.de\/#website","url":"https:\/\/kanzlei-bernstorff.de\/","name":"Bernstorff - Rechtsanw\u00e4lte Partnerschaftsgesellschaft mbB","description":"Rechtsanw\u00e4lte Partnerschaftsgesellschaft mbB","publisher":{"@id":"https:\/\/kanzlei-bernstorff.de\/#organization"},"potentialAction":[{"@type":"SearchAction","target":{"@type":"EntryPoint","urlTemplate":"https:\/\/kanzlei-bernstorff.de\/?s={search_term_string}"},"query-input":{"@type":"PropertyValueSpecification","valueRequired":true,"valueName":"search_term_string"}}],"inLanguage":"en-US"},{"@type":"Organization","@id":"https:\/\/kanzlei-bernstorff.de\/#organization","name":"Bernstorff - Rechtsanw\u00e4lte Partnerschaftsgesellschaft mbB","url":"https:\/\/kanzlei-bernstorff.de\/","logo":{"@type":"ImageObject","inLanguage":"en-US","@id":"https:\/\/kanzlei-bernstorff.de\/#\/schema\/logo\/image\/","url":"https:\/\/kanzlei-bernstorff.de\/wp-content\/uploads\/2025\/12\/kanzlei-bernstorff-group-x.png","contentUrl":"https:\/\/kanzlei-bernstorff.de\/wp-content\/uploads\/2025\/12\/kanzlei-bernstorff-group-x.png","width":1360,"height":680,"caption":"Bernstorff - Rechtsanw\u00e4lte Partnerschaftsgesellschaft mbB"},"image":{"@id":"https:\/\/kanzlei-bernstorff.de\/#\/schema\/logo\/image\/"}},{"@type":"Person","@id":"https:\/\/kanzlei-bernstorff.de\/#\/schema\/person\/fa32628e3102b2bda6a3ea2cbf9a41b3","name":"ccodelaxadmin","sameAs":["https:\/\/kanzlei-bernstorff.de"],"url":"https:\/\/kanzlei-bernstorff.de\/en\/author\/ccodelaxadmin\/"}]}},"_links":{"self":[{"href":"https:\/\/kanzlei-bernstorff.de\/en\/wp-json\/wp\/v2\/posts\/1056","targetHints":{"allow":["GET"]}}],"collection":[{"href":"https:\/\/kanzlei-bernstorff.de\/en\/wp-json\/wp\/v2\/posts"}],"about":[{"href":"https:\/\/kanzlei-bernstorff.de\/en\/wp-json\/wp\/v2\/types\/post"}],"author":[{"embeddable":true,"href":"https:\/\/kanzlei-bernstorff.de\/en\/wp-json\/wp\/v2\/users\/1"}],"replies":[{"embeddable":true,"href":"https:\/\/kanzlei-bernstorff.de\/en\/wp-json\/wp\/v2\/comments?post=1056"}],"version-history":[{"count":2,"href":"https:\/\/kanzlei-bernstorff.de\/en\/wp-json\/wp\/v2\/posts\/1056\/revisions"}],"predecessor-version":[{"id":2117,"href":"https:\/\/kanzlei-bernstorff.de\/en\/wp-json\/wp\/v2\/posts\/1056\/revisions\/2117"}],"wp:attachment":[{"href":"https:\/\/kanzlei-bernstorff.de\/en\/wp-json\/wp\/v2\/media?parent=1056"}],"wp:term":[{"taxonomy":"category","embeddable":true,"href":"https:\/\/kanzlei-bernstorff.de\/en\/wp-json\/wp\/v2\/categories?post=1056"},{"taxonomy":"post_tag","embeddable":true,"href":"https:\/\/kanzlei-bernstorff.de\/en\/wp-json\/wp\/v2\/tags?post=1056"},{"taxonomy":"post_series","embeddable":true,"href":"https:\/\/kanzlei-bernstorff.de\/en\/wp-json\/wp\/v2\/post_series?post=1056"}],"curies":[{"name":"wp","href":"https:\/\/api.w.org\/{rel}","templated":true}]}}