{"id":1311,"date":"2022-06-03T17:46:38","date_gmt":"2022-06-03T15:46:38","guid":{"rendered":"https:\/\/kanzlei-bernstorff.de\/?p=1311"},"modified":"2025-12-02T16:56:47","modified_gmt":"2025-12-02T18:56:47","slug":"mietpreisbremse-und-staffelmiete","status":"publish","type":"post","link":"https:\/\/kanzlei-bernstorff.de\/en\/mietpreisbremse-und-staffelmiete\/","title":{"rendered":"Mietpreisbremse und Staffelmiete"},"content":{"rendered":"<p>Mietvertragsparteien k\u00f6nnen vereinbaren, dass sich die Miete gem\u00e4\u00df einer konkreten Staffelung regelm\u00e4\u00dfig erh\u00f6ht. Nach den einschl\u00e4gigen gesetzlichen Regelungen zur Staffelmiete sind die Vorschriften zur sogenannten Mietpreisbremse auf jede Mietstaffel anzuwenden. Dies umfasst nach dem Wortlaut und &nbsp;der &nbsp;entsprechenden &nbsp;gesetzlichen &nbsp;&nbsp;Verweisung auch die Notwendigkeit einer R\u00fcge des Versto\u00dfes gegen die Mietpreisbremse durch den Mieter.<\/p>\n\n\n\n<p>Die Rechtslehre streitet mangels h\u00f6chstgerichtlicher Entscheidung noch darum, ob der Mieter eine Miet\u00fcberschreitung f\u00fcr jede Staffel gesondert r\u00fcgen muss. Nach dem Wortlaut der ma\u00dfgeblichen gesetzlichen Regelungen m\u00fcsste dies so sein; anders sieht dies allerdings ein aktuelles Urteil des Landgerichts Berlin (LG). Hiernach soll ausreichend sein, wenn der Mieter einmalig einen Versto\u00df gegen die Mietpreisbremse ger\u00fcgt hat. Das LG versteht die gesetzlichen Regelungen so, dass der Mieter einen Versto\u00df gegen die Mietpreisbremse \u00fcberhaupt einmal ger\u00fcgt haben m\u00fcsse; fortlaufende R\u00fcgeschreiben seien daher nicht notwendig. Allerdings m\u00fcsse jede Staffel dann mit Blick auf die h\u00f6chstzul\u00e4ssige Miete anhand derjenigen orts\u00fcblichen Vergleichsmiete gepr\u00fcft werden, welche zum Zeitpunkt des Wirksamwerdens der Staffel gilt.<\/p>\n\n\n\n<p>Bis die entschiedene Frage h\u00f6chstrichterlich gekl\u00e4rt ist, wird es f\u00fcr Mieter daher ratsam sein, jede Mietstaffel im Auge zu behalten und dann jeweils eine gesonderte R\u00fcge auszubringen. Auf Vermieterseite wird es nicht schaden, bei einer Inanspruchnahme wegen eines Versto\u00dfes gegen die Regelungen der Mietpreisbremse einzuwenden, dass jede Mietstaffel gesondert ger\u00fcgt werden muss. <em>(SB)<\/em><\/p>","protected":false},"excerpt":{"rendered":"<p>Mietvertragsparteien k\u00f6nnen vereinbaren, dass sich die Miete gem\u00e4\u00df einer konkreten Staffelung regelm\u00e4\u00dfig erh\u00f6ht. Nach den einschl\u00e4gigen gesetzlichen Regelungen zur Staffelmiete sind die Vorschriften zur sogenannten Mietpreisbremse auf jede Mietstaffel anzuwenden. Dies umfasst nach dem Wortlaut und &nbsp;der &nbsp;entsprechenden &nbsp;gesetzlichen &nbsp;&nbsp;Verweisung auch die Notwendigkeit einer R\u00fcge des Versto\u00dfes gegen die Mietpreisbremse durch den Mieter. Die Rechtslehre&hellip;<\/p>","protected":false},"author":1,"featured_media":0,"comment_status":"closed","ping_status":"closed","sticky":false,"template":"","format":"standard","meta":{"footnotes":""},"categories":[3],"tags":[],"post_series":[],"class_list":["post-1311","post","type-post","status-publish","format-standard","hentry","category-mietrecht","entry","no-media"],"yoast_head":"<!-- This site is optimized with the Yoast SEO plugin v27.5 - https:\/\/yoast.com\/product\/yoast-seo-wordpress\/ -->\n<title>Mietpreisbremse und Staffelmiete - Bernstorff - Rechtsanw\u00e4lte Partnerschaftsgesellschaft mbB<\/title>\n<meta name=\"robots\" content=\"index, follow, max-snippet:-1, max-image-preview:large, max-video-preview:-1\" \/>\n<link rel=\"canonical\" href=\"https:\/\/kanzlei-bernstorff.de\/en\/mietpreisbremse-und-staffelmiete\/\" \/>\n<meta property=\"og:locale\" content=\"en_US\" \/>\n<meta property=\"og:type\" content=\"article\" \/>\n<meta property=\"og:title\" content=\"Mietpreisbremse und Staffelmiete - Bernstorff - Rechtsanw\u00e4lte Partnerschaftsgesellschaft mbB\" \/>\n<meta property=\"og:description\" content=\"Mietvertragsparteien k\u00f6nnen vereinbaren, dass sich die Miete gem\u00e4\u00df einer konkreten Staffelung regelm\u00e4\u00dfig erh\u00f6ht. Nach den einschl\u00e4gigen gesetzlichen Regelungen zur Staffelmiete sind die Vorschriften zur sogenannten Mietpreisbremse auf jede Mietstaffel anzuwenden. Dies umfasst nach dem Wortlaut und &nbsp;der &nbsp;entsprechenden &nbsp;gesetzlichen &nbsp;&nbsp;Verweisung auch die Notwendigkeit einer R\u00fcge des Versto\u00dfes gegen die Mietpreisbremse durch den Mieter. Die Rechtslehre&hellip;\" \/>\n<meta property=\"og:url\" content=\"https:\/\/kanzlei-bernstorff.de\/en\/mietpreisbremse-und-staffelmiete\/\" \/>\n<meta property=\"og:site_name\" content=\"Bernstorff - Rechtsanw\u00e4lte Partnerschaftsgesellschaft mbB\" \/>\n<meta property=\"article:published_time\" content=\"2022-06-03T15:46:38+00:00\" \/>\n<meta property=\"article:modified_time\" content=\"2025-12-02T18:56:47+00:00\" \/>\n<meta name=\"author\" content=\"ccodelaxadmin\" \/>\n<meta name=\"twitter:card\" content=\"summary_large_image\" \/>\n<meta name=\"twitter:label1\" content=\"Written by\" \/>\n\t<meta name=\"twitter:data1\" content=\"ccodelaxadmin\" \/>\n\t<meta name=\"twitter:label2\" content=\"Est. reading time\" \/>\n\t<meta name=\"twitter:data2\" content=\"1 minute\" \/>\n<script type=\"application\/ld+json\" class=\"yoast-schema-graph\">{\"@context\":\"https:\\\/\\\/schema.org\",\"@graph\":[{\"@type\":\"Article\",\"@id\":\"https:\\\/\\\/kanzlei-bernstorff.de\\\/mietpreisbremse-und-staffelmiete\\\/#article\",\"isPartOf\":{\"@id\":\"https:\\\/\\\/kanzlei-bernstorff.de\\\/mietpreisbremse-und-staffelmiete\\\/\"},\"author\":{\"name\":\"ccodelaxadmin\",\"@id\":\"https:\\\/\\\/kanzlei-bernstorff.de\\\/#\\\/schema\\\/person\\\/fa32628e3102b2bda6a3ea2cbf9a41b3\"},\"headline\":\"Mietpreisbremse und Staffelmiete\",\"datePublished\":\"2022-06-03T15:46:38+00:00\",\"dateModified\":\"2025-12-02T18:56:47+00:00\",\"mainEntityOfPage\":{\"@id\":\"https:\\\/\\\/kanzlei-bernstorff.de\\\/mietpreisbremse-und-staffelmiete\\\/\"},\"wordCount\":248,\"publisher\":{\"@id\":\"https:\\\/\\\/kanzlei-bernstorff.de\\\/#organization\"},\"articleSection\":[\"Mietrecht\"],\"inLanguage\":\"en-US\"},{\"@type\":\"WebPage\",\"@id\":\"https:\\\/\\\/kanzlei-bernstorff.de\\\/mietpreisbremse-und-staffelmiete\\\/\",\"url\":\"https:\\\/\\\/kanzlei-bernstorff.de\\\/mietpreisbremse-und-staffelmiete\\\/\",\"name\":\"Mietpreisbremse und Staffelmiete - Bernstorff - Rechtsanw\u00e4lte Partnerschaftsgesellschaft mbB\",\"isPartOf\":{\"@id\":\"https:\\\/\\\/kanzlei-bernstorff.de\\\/#website\"},\"datePublished\":\"2022-06-03T15:46:38+00:00\",\"dateModified\":\"2025-12-02T18:56:47+00:00\",\"breadcrumb\":{\"@id\":\"https:\\\/\\\/kanzlei-bernstorff.de\\\/mietpreisbremse-und-staffelmiete\\\/#breadcrumb\"},\"inLanguage\":\"en-US\",\"potentialAction\":[{\"@type\":\"ReadAction\",\"target\":[\"https:\\\/\\\/kanzlei-bernstorff.de\\\/mietpreisbremse-und-staffelmiete\\\/\"]}]},{\"@type\":\"BreadcrumbList\",\"@id\":\"https:\\\/\\\/kanzlei-bernstorff.de\\\/mietpreisbremse-und-staffelmiete\\\/#breadcrumb\",\"itemListElement\":[{\"@type\":\"ListItem\",\"position\":1,\"name\":\"Home\",\"item\":\"https:\\\/\\\/kanzlei-bernstorff.de\\\/\"},{\"@type\":\"ListItem\",\"position\":2,\"name\":\"Mietpreisbremse und Staffelmiete\"}]},{\"@type\":\"WebSite\",\"@id\":\"https:\\\/\\\/kanzlei-bernstorff.de\\\/#website\",\"url\":\"https:\\\/\\\/kanzlei-bernstorff.de\\\/\",\"name\":\"Bernstorff - Rechtsanw\u00e4lte Partnerschaftsgesellschaft mbB\",\"description\":\"Rechtsanw\u00e4lte Partnerschaftsgesellschaft mbB\",\"publisher\":{\"@id\":\"https:\\\/\\\/kanzlei-bernstorff.de\\\/#organization\"},\"potentialAction\":[{\"@type\":\"SearchAction\",\"target\":{\"@type\":\"EntryPoint\",\"urlTemplate\":\"https:\\\/\\\/kanzlei-bernstorff.de\\\/?s={search_term_string}\"},\"query-input\":{\"@type\":\"PropertyValueSpecification\",\"valueRequired\":true,\"valueName\":\"search_term_string\"}}],\"inLanguage\":\"en-US\"},{\"@type\":\"Organization\",\"@id\":\"https:\\\/\\\/kanzlei-bernstorff.de\\\/#organization\",\"name\":\"Bernstorff - Rechtsanw\u00e4lte Partnerschaftsgesellschaft mbB\",\"url\":\"https:\\\/\\\/kanzlei-bernstorff.de\\\/\",\"logo\":{\"@type\":\"ImageObject\",\"inLanguage\":\"en-US\",\"@id\":\"https:\\\/\\\/kanzlei-bernstorff.de\\\/#\\\/schema\\\/logo\\\/image\\\/\",\"url\":\"https:\\\/\\\/kanzlei-bernstorff.de\\\/wp-content\\\/uploads\\\/2025\\\/12\\\/kanzlei-bernstorff-group-x.png\",\"contentUrl\":\"https:\\\/\\\/kanzlei-bernstorff.de\\\/wp-content\\\/uploads\\\/2025\\\/12\\\/kanzlei-bernstorff-group-x.png\",\"width\":1360,\"height\":680,\"caption\":\"Bernstorff - Rechtsanw\u00e4lte Partnerschaftsgesellschaft mbB\"},\"image\":{\"@id\":\"https:\\\/\\\/kanzlei-bernstorff.de\\\/#\\\/schema\\\/logo\\\/image\\\/\"}},{\"@type\":\"Person\",\"@id\":\"https:\\\/\\\/kanzlei-bernstorff.de\\\/#\\\/schema\\\/person\\\/fa32628e3102b2bda6a3ea2cbf9a41b3\",\"name\":\"ccodelaxadmin\",\"sameAs\":[\"https:\\\/\\\/kanzlei-bernstorff.de\"],\"url\":\"https:\\\/\\\/kanzlei-bernstorff.de\\\/en\\\/author\\\/ccodelaxadmin\\\/\"}]}<\/script>\n<!-- \/ Yoast SEO plugin. -->","yoast_head_json":{"title":"Mietpreisbremse und Staffelmiete - Bernstorff - Rechtsanw\u00e4lte Partnerschaftsgesellschaft mbB","robots":{"index":"index","follow":"follow","max-snippet":"max-snippet:-1","max-image-preview":"max-image-preview:large","max-video-preview":"max-video-preview:-1"},"canonical":"https:\/\/kanzlei-bernstorff.de\/en\/mietpreisbremse-und-staffelmiete\/","og_locale":"en_US","og_type":"article","og_title":"Mietpreisbremse und Staffelmiete - Bernstorff - Rechtsanw\u00e4lte Partnerschaftsgesellschaft mbB","og_description":"Mietvertragsparteien k\u00f6nnen vereinbaren, dass sich die Miete gem\u00e4\u00df einer konkreten Staffelung regelm\u00e4\u00dfig erh\u00f6ht. Nach den einschl\u00e4gigen gesetzlichen Regelungen zur Staffelmiete sind die Vorschriften zur sogenannten Mietpreisbremse auf jede Mietstaffel anzuwenden. Dies umfasst nach dem Wortlaut und &nbsp;der &nbsp;entsprechenden &nbsp;gesetzlichen &nbsp;&nbsp;Verweisung auch die Notwendigkeit einer R\u00fcge des Versto\u00dfes gegen die Mietpreisbremse durch den Mieter. Die Rechtslehre&hellip;","og_url":"https:\/\/kanzlei-bernstorff.de\/en\/mietpreisbremse-und-staffelmiete\/","og_site_name":"Bernstorff - Rechtsanw\u00e4lte Partnerschaftsgesellschaft mbB","article_published_time":"2022-06-03T15:46:38+00:00","article_modified_time":"2025-12-02T18:56:47+00:00","author":"ccodelaxadmin","twitter_card":"summary_large_image","twitter_misc":{"Written by":"ccodelaxadmin","Est. reading time":"1 minute"},"schema":{"@context":"https:\/\/schema.org","@graph":[{"@type":"Article","@id":"https:\/\/kanzlei-bernstorff.de\/mietpreisbremse-und-staffelmiete\/#article","isPartOf":{"@id":"https:\/\/kanzlei-bernstorff.de\/mietpreisbremse-und-staffelmiete\/"},"author":{"name":"ccodelaxadmin","@id":"https:\/\/kanzlei-bernstorff.de\/#\/schema\/person\/fa32628e3102b2bda6a3ea2cbf9a41b3"},"headline":"Mietpreisbremse und Staffelmiete","datePublished":"2022-06-03T15:46:38+00:00","dateModified":"2025-12-02T18:56:47+00:00","mainEntityOfPage":{"@id":"https:\/\/kanzlei-bernstorff.de\/mietpreisbremse-und-staffelmiete\/"},"wordCount":248,"publisher":{"@id":"https:\/\/kanzlei-bernstorff.de\/#organization"},"articleSection":["Mietrecht"],"inLanguage":"en-US"},{"@type":"WebPage","@id":"https:\/\/kanzlei-bernstorff.de\/mietpreisbremse-und-staffelmiete\/","url":"https:\/\/kanzlei-bernstorff.de\/mietpreisbremse-und-staffelmiete\/","name":"Mietpreisbremse und Staffelmiete - Bernstorff - Rechtsanw\u00e4lte Partnerschaftsgesellschaft mbB","isPartOf":{"@id":"https:\/\/kanzlei-bernstorff.de\/#website"},"datePublished":"2022-06-03T15:46:38+00:00","dateModified":"2025-12-02T18:56:47+00:00","breadcrumb":{"@id":"https:\/\/kanzlei-bernstorff.de\/mietpreisbremse-und-staffelmiete\/#breadcrumb"},"inLanguage":"en-US","potentialAction":[{"@type":"ReadAction","target":["https:\/\/kanzlei-bernstorff.de\/mietpreisbremse-und-staffelmiete\/"]}]},{"@type":"BreadcrumbList","@id":"https:\/\/kanzlei-bernstorff.de\/mietpreisbremse-und-staffelmiete\/#breadcrumb","itemListElement":[{"@type":"ListItem","position":1,"name":"Home","item":"https:\/\/kanzlei-bernstorff.de\/"},{"@type":"ListItem","position":2,"name":"Mietpreisbremse und Staffelmiete"}]},{"@type":"WebSite","@id":"https:\/\/kanzlei-bernstorff.de\/#website","url":"https:\/\/kanzlei-bernstorff.de\/","name":"Bernstorff - Rechtsanw\u00e4lte Partnerschaftsgesellschaft mbB","description":"Rechtsanw\u00e4lte Partnerschaftsgesellschaft mbB","publisher":{"@id":"https:\/\/kanzlei-bernstorff.de\/#organization"},"potentialAction":[{"@type":"SearchAction","target":{"@type":"EntryPoint","urlTemplate":"https:\/\/kanzlei-bernstorff.de\/?s={search_term_string}"},"query-input":{"@type":"PropertyValueSpecification","valueRequired":true,"valueName":"search_term_string"}}],"inLanguage":"en-US"},{"@type":"Organization","@id":"https:\/\/kanzlei-bernstorff.de\/#organization","name":"Bernstorff - Rechtsanw\u00e4lte Partnerschaftsgesellschaft mbB","url":"https:\/\/kanzlei-bernstorff.de\/","logo":{"@type":"ImageObject","inLanguage":"en-US","@id":"https:\/\/kanzlei-bernstorff.de\/#\/schema\/logo\/image\/","url":"https:\/\/kanzlei-bernstorff.de\/wp-content\/uploads\/2025\/12\/kanzlei-bernstorff-group-x.png","contentUrl":"https:\/\/kanzlei-bernstorff.de\/wp-content\/uploads\/2025\/12\/kanzlei-bernstorff-group-x.png","width":1360,"height":680,"caption":"Bernstorff - Rechtsanw\u00e4lte Partnerschaftsgesellschaft mbB"},"image":{"@id":"https:\/\/kanzlei-bernstorff.de\/#\/schema\/logo\/image\/"}},{"@type":"Person","@id":"https:\/\/kanzlei-bernstorff.de\/#\/schema\/person\/fa32628e3102b2bda6a3ea2cbf9a41b3","name":"ccodelaxadmin","sameAs":["https:\/\/kanzlei-bernstorff.de"],"url":"https:\/\/kanzlei-bernstorff.de\/en\/author\/ccodelaxadmin\/"}]}},"_links":{"self":[{"href":"https:\/\/kanzlei-bernstorff.de\/en\/wp-json\/wp\/v2\/posts\/1311","targetHints":{"allow":["GET"]}}],"collection":[{"href":"https:\/\/kanzlei-bernstorff.de\/en\/wp-json\/wp\/v2\/posts"}],"about":[{"href":"https:\/\/kanzlei-bernstorff.de\/en\/wp-json\/wp\/v2\/types\/post"}],"author":[{"embeddable":true,"href":"https:\/\/kanzlei-bernstorff.de\/en\/wp-json\/wp\/v2\/users\/1"}],"replies":[{"embeddable":true,"href":"https:\/\/kanzlei-bernstorff.de\/en\/wp-json\/wp\/v2\/comments?post=1311"}],"version-history":[{"count":2,"href":"https:\/\/kanzlei-bernstorff.de\/en\/wp-json\/wp\/v2\/posts\/1311\/revisions"}],"predecessor-version":[{"id":2041,"href":"https:\/\/kanzlei-bernstorff.de\/en\/wp-json\/wp\/v2\/posts\/1311\/revisions\/2041"}],"wp:attachment":[{"href":"https:\/\/kanzlei-bernstorff.de\/en\/wp-json\/wp\/v2\/media?parent=1311"}],"wp:term":[{"taxonomy":"category","embeddable":true,"href":"https:\/\/kanzlei-bernstorff.de\/en\/wp-json\/wp\/v2\/categories?post=1311"},{"taxonomy":"post_tag","embeddable":true,"href":"https:\/\/kanzlei-bernstorff.de\/en\/wp-json\/wp\/v2\/tags?post=1311"},{"taxonomy":"post_series","embeddable":true,"href":"https:\/\/kanzlei-bernstorff.de\/en\/wp-json\/wp\/v2\/post_series?post=1311"}],"curies":[{"name":"wp","href":"https:\/\/api.w.org\/{rel}","templated":true}]}}